{"id":48,"date":"2012-12-04T00:16:35","date_gmt":"2012-12-03T22:16:35","guid":{"rendered":"http:\/\/senon.org\/wordpress\/?p=48"},"modified":"2024-01-28T19:06:17","modified_gmt":"2024-01-28T17:06:17","slug":"phare-aeronautique-de-saint-martin-du-tertre","status":"publish","type":"post","link":"https:\/\/www.senon.org\/wordpress\/phare-aeronautique-de-saint-martin-du-tertre\/","title":{"rendered":"Phare a\u00e9ronautique de Saint Martin du Tertre"},"content":{"rendered":"<p>Situ\u00e9 sur les hauteurs de Saint Martin du Tertre, ce phare faisait parti d&rsquo;un dispositif&nbsp;a\u00e9ronautique de l&rsquo;entre-deux guerres : l&rsquo;\u00e9poque 1925-1930 fut capitale pour les d\u00e9buts de l&rsquo;aviation commerciale. En effet au sortir de la premi\u00e8re guerre mondiale, l&rsquo;aviation se retrouve priv\u00e9e de sa finalit\u00e9 strat\u00e9gique, beaucoup de pilotes sont disponibles et l&rsquo;on va donc repenser l&rsquo;utilisation de l&rsquo;avion \u00e0 des fins civiles.<\/p>\n<p>Avec cette nouvelle approche, les&nbsp;<strong>phares a\u00e9ronautiques<\/strong>&nbsp;servaient donc de rep\u00e8res de&nbsp;navigation a\u00e9rienne&nbsp;\u00e0 vue, de nuit ou par temps brumeux.<\/p>\n<p><a class=\"piwigomedia-single-image\" href=\"http:\/\/www.senon.org\/piwigo\/picture.php?\/9\/category\/2\" target=\"_blank\" rel=\"noopener\"><img decoding=\"async\" class=\"aligncenter\" src=\"http:\/\/www.senon.org\/piwigo\/_data\/i\/upload\/2012\/12\/01\/20121201164448-4885d0f4-th.jpg\" alt=\"\"><\/a><\/p>\n<p>En France, ils furent, dans un premier temps, destin\u00e9s \u00e0 l&rsquo;A\u00e9ropostale et aux premi\u00e8res lignes a\u00e9riennes r\u00e9guli\u00e8res (Londres-Paris). Anc\u00eatres des moyens de&nbsp;radionavigation&nbsp;actuels, ils \u00e9taient allum\u00e9s peu de temps avant le passage de l&rsquo;avion, par un habitant local (instituteur, garde-champ\u00eatre, meunier) qui en recevait la demande par la Poste ou T\u00e9l\u00e9gramme.<\/p>\n<p><!--more--><\/p>\n<p>St Exup\u00e9ry explique dans son oeuvre,&nbsp;Vol de nuit, combien&nbsp;les aviateurs ont risqu\u00e9 leur vie pour accomplir leur mission. Ces phares a\u00e9ronautiques constituaient la derni\u00e8re main tendue vers ces pilotes.<\/p>\n<p>Les phares de Saint Martin et de Villethierry sont positionn\u00e9s sur l&rsquo;axe nord-sud et servaient au jalonnement (cf. explication plus bas).<\/p>\n<p><a href=\"http:\/\/senon.org\/wordpress\/wp-content\/uploads\/Les-Phares-en-France.bmp\"><img decoding=\"async\" class=\"alignnone size-full wp-image-74\" title=\"Les Phares en France\" src=\"http:\/\/senon.org\/wordpress\/wp-content\/uploads\/Les-Phares-en-France.bmp\" alt=\"\"><\/a><\/p>\n<h2>Description<\/h2>\n<p>Ils \u00e9taient compos\u00e9s d&rsquo;un pyl\u00f4ne en ciment, haut de 7 \u00e0 11 m, d&rsquo;une plateforme accueillant une source de lumi\u00e8re aliment\u00e9e par&nbsp;ac\u00e9tyl\u00e8ne, ou par&nbsp;n\u00e9on&nbsp;\/ \u00e9lectricit\u00e9 comme celui de Saint-Martin. L&rsquo;\u00e9clat de cette lumi\u00e8re \u00e9tait entrecoup\u00e9e suivant le type de phare, transmettant ainsi un code morse permettant au pilote d&rsquo;identifier sa localisation mais aussi la direction.<\/p>\n<p>On distingue trois types de phares&nbsp;:<\/p>\n<ul>\n<li><strong>les phares de grandes navigations<\/strong>&nbsp;(ou phares de balisages) scintillaient d\u2019\u00e9clats blancs et confirmaient une direction aux pilotes le long de leurs parcours parsem\u00e9 de points lumineux. Parmi eux, le phare de la Tour Eiffel, du Mont Val\u00e9rien et du Mont Cindr\u00e9,<\/li>\n<li><strong>les phares de rep\u00e9rages<\/strong>&nbsp;(ou phares de rappels) permettant aux avions en vols de rep\u00e9rer les a\u00e9rodromes. De couleur blanche et \u00e0 \u00e9clipse, la port\u00e9e \u00e9tait de 40 km. Le scintillement, entrecoup\u00e9 d\u2019extinctions, transmettait une lettre en morse, indicatif de l\u2019a\u00e9rodrome en question,<\/li>\n<li><strong>les phares de jalonnements<\/strong>&nbsp;\u00e9taient situ\u00e9s \u00e0 proximit\u00e9 de petites localit\u00e9s le long des voies a\u00e9riennes majeures. D\u2019une port\u00e9e allant jusqu\u2019\u00e0 50 km, l\u2019allumage \u00e9tait assur\u00e9 par un habitant local. Le phare \u00e9tait de couleur rouge et aliment\u00e9 au n\u00e9on pour permettre au pilote de mieux les apercevoir par mauvaise visibilit\u00e9.<\/li>\n<\/ul>\n<h2><a class=\"piwigomedia-single-image\" href=\"http:\/\/www.senon.org\/piwigo\/picture.php?\/11\/category\/2\" target=\"_blank\" rel=\"noopener\"><img decoding=\"async\" class=\"aligncenter\" src=\"http:\/\/www.senon.org\/piwigo\/_data\/i\/upload\/2012\/12\/01\/20121201164514-8d197e51-th.jpg\" alt=\"\"><\/a><\/h2>\n<p>Leur utilisation prit fin avec la 2\u00e8me guerre mondiale et peu d&rsquo;entre eux subsistent encore.<br \/>\nPour certains, des associations cherchent \u00e0 les r\u00e9nover.&nbsp;Le phare de Bazi\u00e8ge, village \u00e0 l&rsquo;Est de Toulouse, est le premier \u00e0 \u00eatre inscrit au titre des Monuments Historiques de France.<br \/>\nQuand \u00e0 celui de Saint Martin du tertre, il est laiss\u00e9 \u00e0 l&rsquo;abandon. Nous pouvons nous poser la question pourquoi&nbsp;malheureusement&nbsp;ce patrimoine a\u00e9ronautique r\u00e9gional&nbsp;n&rsquo;est pas valoris\u00e9.<\/p>\n<p>&nbsp;<\/p>\n<h3>Remerciements \u00e0&nbsp;<em>G\u00e9rard Mauvais <\/em>pour sa contribution<em>.<\/em><\/h3>\n<h3>R\u00e9daction : <em>SenoN.Org<\/em><br \/>\nSources :<em> Wikip\u00e9dia &amp; &nbsp;<em>G\u00e9rard Mauvais<br \/>\n<\/em><\/em>Cr\u00e9dit Photos : <em>G\u00e9rard Mauvais &amp; SenoN.Org<\/em><\/h3>\n<div><span style=\"color: #333333; font-family: sans-serif; font-size: 12px; font-style: normal; line-height: 16.78333282470703px; background-color: #66ccff;\">&nbsp;<\/span><\/div>\n","protected":false},"excerpt":{"rendered":"<p>Situ\u00e9 sur les hauteurs de Saint Martin du Tertre, ce phare faisait parti d&rsquo;un dispositif&nbsp;a\u00e9ronautique de l&rsquo;entre-deux guerres : l&rsquo;\u00e9poque 1925-1930 fut capitale pour les d\u00e9buts de l&rsquo;aviation commerciale. En effet au sortir de la premi\u00e8re guerre mondiale, l&rsquo;aviation se &hellip; <a href=\"https:\/\/www.senon.org\/wordpress\/phare-aeronautique-de-saint-martin-du-tertre\/\">Continuer la lecture <span class=\"meta-nav\">&rarr;<\/span><\/a><\/p>\n","protected":false},"author":1,"featured_media":0,"comment_status":"open","ping_status":"open","sticky":false,"template":"","format":"standard","meta":{"om_disable_all_campaigns":false,"_monsterinsights_skip_tracking":false,"_monsterinsights_sitenote_active":false,"_monsterinsights_sitenote_note":"","_monsterinsights_sitenote_category":0,"_uf_show_specific_survey":0,"_uf_disable_surveys":false,"ngg_post_thumbnail":0,"footnotes":""},"categories":[1],"tags":[],"class_list":["post-48","post","type-post","status-publish","format-standard","hentry","category-non-classe"],"aioseo_notices":[],"_links":{"self":[{"href":"https:\/\/www.senon.org\/wordpress\/wp-json\/wp\/v2\/posts\/48","targetHints":{"allow":["GET"]}}],"collection":[{"href":"https:\/\/www.senon.org\/wordpress\/wp-json\/wp\/v2\/posts"}],"about":[{"href":"https:\/\/www.senon.org\/wordpress\/wp-json\/wp\/v2\/types\/post"}],"author":[{"embeddable":true,"href":"https:\/\/www.senon.org\/wordpress\/wp-json\/wp\/v2\/users\/1"}],"replies":[{"embeddable":true,"href":"https:\/\/www.senon.org\/wordpress\/wp-json\/wp\/v2\/comments?post=48"}],"version-history":[{"count":86,"href":"https:\/\/www.senon.org\/wordpress\/wp-json\/wp\/v2\/posts\/48\/revisions"}],"predecessor-version":[{"id":649,"href":"https:\/\/www.senon.org\/wordpress\/wp-json\/wp\/v2\/posts\/48\/revisions\/649"}],"wp:attachment":[{"href":"https:\/\/www.senon.org\/wordpress\/wp-json\/wp\/v2\/media?parent=48"}],"wp:term":[{"taxonomy":"category","embeddable":true,"href":"https:\/\/www.senon.org\/wordpress\/wp-json\/wp\/v2\/categories?post=48"},{"taxonomy":"post_tag","embeddable":true,"href":"https:\/\/www.senon.org\/wordpress\/wp-json\/wp\/v2\/tags?post=48"}],"curies":[{"name":"wp","href":"https:\/\/api.w.org\/{rel}","templated":true}]}}