{"id":445,"date":"2016-02-14T18:43:16","date_gmt":"2016-02-14T16:43:16","guid":{"rendered":"http:\/\/www.senon.org\/wordpress\/?p=445"},"modified":"2024-01-28T19:06:41","modified_gmt":"2024-01-28T17:06:41","slug":"lhistoire-senonaise-des-castors","status":"publish","type":"post","link":"https:\/\/www.senon.org\/wordpress\/lhistoire-senonaise-des-castors\/","title":{"rendered":"L&rsquo;histoire s\u00e9nonaise des Castors"},"content":{"rendered":"<h1 style=\"text-align: justify;\">PR\u00c9AMBULE<\/h1>\n<p style=\"text-align: justify;\">Cet article a \u00e9t\u00e9 r\u00e9alis\u00e9 gr\u00e2ce \u00e0 la contribution de Monsieur Jean-Paul Tribouillard. Sa famille est la premi\u00e8re famille-castors \u00e0 emm\u00e9nager \u00e0 Sens.<\/p>\n<h1 style=\"text-align: justify;\">PR\u00c9SENTATION G\u00c9N\u00c9RALE DU MOUVEMENT DES CASTORS<\/h1>\n<p style=\"text-align: justify;\">Les Castors auto constructeurs, c\u2019est un mouvement coop\u00e9ratif apparu en France au si\u00e8cle dernier, sous l&rsquo;impulsion de G\u00eborgia Knap, surnomm\u00e9 \u00ab&nbsp;l\u2019homme aux 80 m\u00e9tiers&nbsp;\u00bb.<\/p>\n<p style=\"text-align: justify;\"><img decoding=\"async\" src=\"http:\/\/ekladata.com\/xnreIS7oRitYKChFnKTrZrSoTgc.jpg\" alt=\"Les Castors\"><\/p>\n<p style=\"text-align: justify;\">N\u00e9 en 1866 \u00e0 Troyes, fils d\u2019un boucher de cette ville, il fut orphelin de bonne heure, et entra comme apprenti m\u00e9canicien aux Chemins de Fer de l\u2019\u00c9tat. C\u2019est gr\u00e2ce \u00e0 cet apprentissage, au cours duquel il apprit la m\u00e9canique, qu\u2019il dut plus tard de devenir \u00e0 la fois, le concepteur, et le r\u00e9alisateur de tant d\u2019inventions dans de nombreux domaines : en m\u00e9canique, en appareillage m\u00e9dical, en architecture (la premi\u00e8re \u00ab maison \u00e9lectrique \u00bb), en urbanisme (la premi\u00e8re maison \u00ab pr\u00e9fabriqu\u00e9e \u00bb), et le concept du \u00ab cottage social \u00bb pour les revenus modestes.<\/p>\n<p><!--more--><\/p>\n<h2 style=\"text-align: justify;\"><span id=\"Le_Cottage_social_ou_la_maison_.C3.A9conomique\" class=\"mw-headline\">Le Cottage social ou la maison \u00e9conomique<\/span><\/h2>\n<p style=\"text-align: justify;\">Le concept de la maison \u00e9conomique consistait \u00e0 profiter des nouveaux mat\u00e9riaux de construction peu on\u00e9reux comme le b\u00e9ton pour mouler directement la maison. G\u00eborgia Knap d\u00e9posa pr\u00e8s de 20 mod\u00e8les diff\u00e9rents dont le \u00ab&nbsp;Goliath&nbsp;\u00bb fut le plus usit\u00e9. Ce mode de fabrication, moins co\u00fbteux que les m\u00e9thodes traditionnelles, s\u2019accompagnait du soutien de la part des associations d\u2019aide \u00e0 l\u2019accession au logement de l\u2019\u00e9poque.<\/p>\n<p style=\"text-align: justify;\">A l\u2019issue de la Seconde Guerre mondiale, une partie de la France est en ruine. Il manque cinq millions de logements. Comme l\u2019\u00c9tat tarde \u00e0 passer \u00e0 l\u2019action, des groupes de personnes en difficult\u00e9 d\u00e9cident de s\u2019organiser pour construire eux-m\u00eames leur logement.<\/p>\n<p style=\"text-align: justify;\">Les ouvriers ont recours \u00e0 cette notion cr\u00e9\u00e9e en 1921 par le Fran\u00e7ais G\u00eborgia Knap : la notion d\u2019apport-travail. C\u2019est la quantit\u00e9 de travail qu\u2019un ouvrier s\u2019engage \u00e0 investir sur le chantier de sa maison qui remplace le capital n\u00e9cessaire \u00e0 cautionner un emprunt.<\/p>\n<p style=\"text-align: justify;\">Ainsi, l\u2019apport-travail, autrement dit, le temps de pr\u00e9sence sur le chantier exig\u00e9 pour chaque Castor, sera estim\u00e9 \u00e0 650 heures, prises sur les temps libres. Il faudra en moyenne de deux \u00e0 cinq ans \u00e0 un ouvrier pour s\u2019en acquitter. Rappelons qu\u2019\u00e0 l\u2019\u00e9poque, la classe ouvri\u00e8re travaillait cinquante heures par semaine et n\u2019avait que quinze jours de cong\u00e9s par an.<\/p>\n<h1 style=\"text-align: justify;\">&nbsp;<\/h1>\n<h1 style=\"text-align: justify;\">LES CASTORS A SENS<\/h1>\n<p style=\"text-align: justify;\">Pierre Barbier, P.D.G de la soci\u00e9t\u00e9 \u00ab\u00a0Barbier Fils et Cie\u00a0\u00bb, sp\u00e9cialis\u00e9e dans les mat\u00e9riaux de construction et la fabrication de produits en b\u00e9ton, lance un appel dans l&rsquo;Yonne R\u00e9publicaine,&nbsp; le 24 avril 1951, \u00e0 tous ceux qui voudraient avoir leur maison.<\/p>\n<p>80 personnes d\u00e9poseront leur candidature \u00e0 la permanence de la&nbsp; Caisse d&rsquo;Epargne.<br \/>\n31 candidatures seront retenues.<\/p>\n<p style=\"text-align: justify;\">Plusieurs organismes (Caisse d&rsquo;Epargne , Cr\u00e9dit Immobilier, la CAF ), et entreprises du S\u00e9nonais en apportant des fonds,&nbsp; feront corps autour de Pierre Barbier Pr\u00e9sident des Castors .<\/p>\n<p style=\"text-align: justify;\">\u00ab\u00a0Le principe \u00e9tait simple. Ce que mes Castors ne pouvaient pas apporter en argent, je leur ai demand\u00e9 de l&rsquo; apporter en travail.\u00a0\u00bb<br \/>\n(Pierre Barbier)<\/p>\n<p>Le 1er Octobre 1954,&nbsp; la r\u00e9partition des pavillons a lieu en grande pompe \u00e0 la mairie par tirage au sort.<\/p>\n<p style=\"text-align: justify;\"><a href=\"http:\/\/ekladata.com\/I1A0_cUapo0kudisWIo19xwQ_JY.jpg\"><img decoding=\"async\" src=\"http:\/\/ekladata.com\/I1A0_cUapo0kudisWIo19xwQ_JY@400x304.jpg\" alt=\"Les Castors autoconstructeurs\"><\/a><br \/>\nCarte d&rsquo;adh\u00e9rent de 1955. Avec cette carte, chaque \u00ab\u00a0Castor\u00a0\u00bb de Sens b\u00e9n\u00e9ficiait \u00ab\u00a0\u00e0 vie\u00a0\u00bb d&rsquo;une remise sur les mat\u00e9riaux de construction achet\u00e9s \u00e0 l&rsquo;entreprise Barbier (sable, ciment, parpaing etc&#8230;).<\/p>\n<p style=\"text-align: justify;\">Voici les photos du d\u00e9but de la construction du lotissement des Castors de Sens, en juin 1952. C&rsquo;est aussi l\u00e0 que d\u00e9bute l&rsquo;histoire personnelle des Castors, de Monsieur Jean-Paul Tribouillard.<\/p>\n<p style=\"text-align: justify;\"><a href=\"http:\/\/ekladata.com\/Jv7jMznd9tbqP1YDgJaeeqcfnkA.jpg\"><img decoding=\"async\" src=\"http:\/\/ekladata.com\/Jv7jMznd9tbqP1YDgJaeeqcfnkA.jpg\" alt=\"Les castors 1952\"><\/a>14 juin,&nbsp; les premiers coup de pelleteuse.<\/p>\n<p style=\"text-align: justify;\"><a href=\"http:\/\/ekladata.com\/xSFDUCpm0k4IZEBwwKWKR2DHWJM.jpg\"><img decoding=\"async\" src=\"http:\/\/ekladata.com\/xSFDUCpm0k4IZEBwwKWKR2DHWJM@635x634.jpg\" alt=\"Les castors 1952\"><\/a>Au fond les moulins Dum\u00e9e et le clocher du vieux Saint-Savinien.<\/p>\n<p style=\"text-align: justify;\"><a href=\"http:\/\/ekladata.com\/V9gaOPjM8_bpsMSGLGW0GBVWCns.jpg\"><img decoding=\"async\" src=\"http:\/\/ekladata.com\/V9gaOPjM8_bpsMSGLGW0GBVWCns@635x634.jpg\" alt=\"Les castors 1952\"><\/a>16 Juin 52<\/p>\n<p style=\"text-align: justify;\"><a href=\"http:\/\/ekladata.com\/1sVjshGSHFp4NRbsLFr-ULyRVSo.jpg\"><img decoding=\"async\" src=\"http:\/\/ekladata.com\/1sVjshGSHFp4NRbsLFr-ULyRVSo@635x644.jpg\" alt=\"Les castors 1952\"><\/a>Le camion Citro\u00ebn du p\u00e8re de Mr Jean-Paul Tribouillard sur le chantier des Castors, chauffeur de m\u00e9tier, avant d&rsquo;\u00eatre gardien de la paix par la suite.<\/p>\n<p style=\"text-align: justify;\"><a href=\"http:\/\/ekladata.com\/STpUotwFs5Q0LvJbwC9aQhJmcQE.jpg\"><img decoding=\"async\" src=\"http:\/\/ekladata.com\/STpUotwFs5Q0LvJbwC9aQhJmcQE@635x588.jpg\" alt=\"Les castors 1952\"><\/a><\/p>\n<p style=\"text-align: justify;\"><a href=\"http:\/\/ekladata.com\/qwfZT7qO1CIenH2-wABYyk-Nv2E.jpg\"><img decoding=\"async\" src=\"http:\/\/ekladata.com\/qwfZT7qO1CIenH2-wABYyk-Nv2E@635x622.jpg\" alt=\"Les castors 1952\"><\/a>22 juin 52<\/p>\n<p style=\"text-align: justify;\"><a href=\"http:\/\/ekladata.com\/meFa-0SrGpF_nPuzYKxWBgeryFI.jpg\"><img decoding=\"async\" src=\"http:\/\/ekladata.com\/meFa-0SrGpF_nPuzYKxWBgeryFI@635x605.jpg\" alt=\"Les castors 1952\"><\/a>La pause<\/p>\n<p style=\"text-align: justify;\"><a href=\"http:\/\/ekladata.com\/P3J9vwwYXnmI8e2XtcoZ9AeBmWQ.jpg\"><img decoding=\"async\" src=\"http:\/\/ekladata.com\/P3J9vwwYXnmI8e2XtcoZ9AeBmWQ@635x625.jpg\" alt=\"Les castors 1952\"><\/a><\/p>\n<p style=\"text-align: justify;\"><a href=\"http:\/\/ekladata.com\/BUVMVfMcVLlWTcbr-BjwJh3NCA0.jpg\"><img decoding=\"async\" src=\"http:\/\/ekladata.com\/BUVMVfMcVLlWTcbr-BjwJh3NCA0@635x640.jpg\" alt=\"Les castors 1952\"><\/a>Les fondations du num\u00e9ro 2 un pavillon jumel\u00e9.<\/p>\n<p style=\"text-align: justify;\"><a href=\"http:\/\/ekladata.com\/iT0UCUXV_dsap-faPwjB1M91fGE.jpg\"><img decoding=\"async\" src=\"http:\/\/ekladata.com\/iT0UCUXV_dsap-faPwjB1M91fGE@635x642.jpg\" alt=\"Les castors 1952\"><\/a>La pose de la charpente<\/p>\n<p style=\"text-align: justify;\"><a href=\"http:\/\/ekladata.com\/De9x0W21N0A1h3bZP56zgBVlWHU.jpg\"><img decoding=\"async\" src=\"http:\/\/ekladata.com\/De9x0W21N0A1h3bZP56zgBVlWHU@635x476.jpg\" alt=\"Les castors 1952\"><\/a>Le lotissement prend forme, mais la maison familiale au num\u00e9ro 1 n&rsquo; est pas encore sortie de terre.<\/p>\n<p style=\"text-align: justify;\"><a href=\"http:\/\/ekladata.com\/D1oECiQL5Ld4AFLoH0sBJF4BnqU.jpg\"><img decoding=\"async\" src=\"http:\/\/ekladata.com\/D1oECiQL5Ld4AFLoH0sBJF4BnqU@635x467.jpg\" alt=\"Les castors 1952\"><\/a><\/p>\n<p style=\"text-align: justify;\">Au total 31 pavillons seront construits en 3 ans.<\/p>\n<p style=\"text-align: justify;\">72201 heures de labeurs ont \u00e9t\u00e9 effectu\u00e9es par les Castors s\u00e9nonais, apr\u00e8s leur journ\u00e9e de travail ou durant le repos dominical, et les cong\u00e9s pay\u00e9s.<\/p>\n<h1 style=\"text-align: justify;\">LA VIE APR\u00c8S LA CONSTRUCTION<\/h1>\n<p style=\"text-align: justify;\"><a href=\"http:\/\/ekladata.com\/hiAw8xpPgtTFc9JpfK7EkmpesvY.jpg\"><img decoding=\"async\" src=\"http:\/\/ekladata.com\/hiAw8xpPgtTFc9JpfK7EkmpesvY@635x421.jpg\" alt=\"Les castors 1952\"><\/a>\u00ab\u00a0Castor plage\u00a0\u00bb, avec les amis d&rsquo;enfance de Jean-Paul Tribouillard : Fanfan, Paulo et Josette.<\/p>\n<p style=\"text-align: justify;\"><a href=\"http:\/\/ekladata.com\/Mj2OYkuLYfPfj_yahw9kbfYYXnE.jpg\"><img decoding=\"async\" src=\"http:\/\/ekladata.com\/Mj2OYkuLYfPfj_yahw9kbfYYXnE@635x642.jpg\" alt=\"Les castors 1952\"><\/a>Jean-Paul Tribouillard pose devant la Traction de son p\u00e8re, avec son amie Josette, au 1 Boulevard des Castors<\/p>\n<p style=\"text-align: justify;\"><a href=\"http:\/\/ekladata.com\/2NHkqVtwdP96aIJ2GDOJnkOmO7M.jpg\"><img decoding=\"async\" src=\"http:\/\/ekladata.com\/2NHkqVtwdP96aIJ2GDOJnkOmO7M@640x480.jpg\" alt=\"Sens &quot; les castors &quot; 1952\"><\/a>Vue a\u00e9rienne<\/p>\n<h1 style=\"text-align: justify;\">LA PRESSE LOCALE<\/h1>\n<p style=\"text-align: justify;\"><img loading=\"lazy\" decoding=\"async\" src=\"http:\/\/ekladata.com\/Yt0bpKLqa6u_wopNtR08o1J_t7I.jpg\" alt=\"Les Castors autoconstructeurs\" width=\"549\" height=\"507\">Pierre Barbier devant la maison des parents de Jean-Paul Tribouillard (avril 1993)<\/p>\n<p><img decoding=\"async\" src=\"http:\/\/ekladata.com\/FVnPt7WsWVbHjssK_lWI56cRS1s@500x367.jpg\" alt=\"Les Castors autoconstructeurs\">Fabrication des hourdis<\/p>\n<p><a href=\"http:\/\/ekladata.com\/0D-PzGmR1m5CeS0mk3af_JSNZJQ.jpg\"><img loading=\"lazy\" decoding=\"async\" class=\"\" src=\"http:\/\/ekladata.com\/0D-PzGmR1m5CeS0mk3af_JSNZJQ@300x225.jpg\" alt=\"Les Castors autoconstructeurs\" width=\"387\" height=\"294\"><\/a><br \/>\nPlancher hourdis<\/p>\n<h1 style=\"text-align: justify;\">Extraits d&rsquo;un article de l&rsquo;Yonne R\u00e9publicaine du 30 juin 1993 :<br \/>\nLe t\u00e9moignage des parents de&nbsp;Jean-Paul Tribouillard, premiers habitants des Castor.<\/h1>\n<p><img loading=\"lazy\" decoding=\"async\" src=\"http:\/\/ekladata.com\/7rJS-9aCVM5sUhmIyV1pYEssjpo@538x296.jpg\" alt=\"Les Castors autoconstructeurs\" width=\"538\" height=\"296\"><br \/>\nAux dires de la maman de Jean &#8211; Paul Tribouillard, il est le premier petit castor.<\/p>\n<p>Six mois apr\u00e8s la parution de l&rsquo; article de l&rsquo; Yonne R\u00e9publicaine&nbsp; son p\u00e8re Pierre d\u00e9c\u00e8de.<br \/>\nPendant la construction des \u00a0\u00bb Castors \u00ab\u00a0, il conduisait entre autre le camion d&rsquo; approvisionnement en mat\u00e9riaux,&nbsp; en plus de son travail de gardien de la paix.<br \/>\nEn 2009 c&rsquo;est au tour de sa m\u00e8re, Suzanne, de les quitter. D&rsquo;un commun accord, non sans regrets, la maison familiale sera c\u00e9d\u00e9e.<\/p>\n<p style=\"text-align: justify;\"><img decoding=\"async\" src=\"http:\/\/ekladata.com\/0lPq0039K95AM4tqQdCB4PT4WLM@500x290.jpg\" alt=\"Les Castors autoconstructeurs\"><br \/>\nLe 1 Boulevard des Castors revendu et r\u00e9nov\u00e9. Les nouveaux propri\u00e9taires continuent \u00e0 bien l&rsquo;entretenir, et l&rsquo;ont modernis\u00e9e.<\/p>\n<h1 style=\"text-align: justify;\">Le dernier mot de la fin pour pour Josette, l&rsquo;amie d&rsquo;enfance :<\/h1>\n<p style=\"text-align: justify;\">\u00a0\u00bb Les Castors, ce n&rsquo;\u00e9taient pas seulement 31 constructeurs, ce furent 31 familles qui continu\u00e8rent \u00e0 se serrer les coudes bien apr\u00e8s cela. Ton p\u00e8re Pierre n&rsquo;\u00e9tait pas le dernier \u00e0 monter sur les toits des absents, apr\u00e8s un fort coup de vent, pour replacer des tuiles, ou en mettre de nouvelles. Ils avaient leurs r\u00e9serves. Et n&rsquo;oubliaient pas leur statut de Castors. Ils ne sont plus que 3 \u00e0 vivre aux Castors m\u00eames aujourd&rsquo;hui, je crois, mais certains de leurs descendants y demeurent encore. Gilbert, Brigitte&#8230;Mes parents ont la chance d&rsquo;\u00eatre parmi les trois. Le seul couple d&rsquo;origine, je crois. Et, ne t&rsquo;en fais pas, vieux fr\u00e8re, tu restes le premier petit castor, puisque je suis une&#8230;castorette.<br \/>\nBisous de Jo\u00a0\u00bb<\/p>\n<p style=\"text-align: justify;\"><em><strong>Nous remercions vivement et chaleureusement Monsieur Jean-Paul Tribouillard.<\/strong><\/em><br \/>\n<em><strong> Cette page a \u00e9t\u00e9 r\u00e9alis\u00e9e \u00e0 partir de ses sites web, dont voici les liens :<\/strong><\/em><br \/>\n<a href=\"http:\/\/paulo8938.eklablog.com\/sens-les-castors-1952-a114888818\">http:\/\/paulo8938.eklablog.com\/sens-les-castors-1952-a114888818<br \/>\nhttp:\/\/leblogdepaulo.eklablog.com\/les-castors-autoconstructeurs-a103532201<\/a><\/p>\n<p style=\"text-align: justify;\">Liens annexes :<\/p>\n<p style=\"text-align: justify;\"><a href=\"http:\/\/www.arte.tv\/fr\/l-association-les-castors-autoconstructeurs\/7326342,CmC=7326400.html\">Source Arte<br \/>\n<\/a><a href=\"https:\/\/fr.wikipedia.org\/wiki\/Castors_%28mouvement_coop%C3%A9ratif%29\">Les Castors (Wikipedia)<br \/>\n<\/a><a href=\"https:\/\/fr.wikipedia.org\/wiki\/G%C3%ABorgia_Knap\">G\u00eborgia Knap (Wikipedia)<\/a><\/p>\n<p style=\"text-align: justify;\">________________________________<\/p>\n<div class=\"blog_home_article_content\" style=\"text-align: justify;\">\n<p><strong>POST-SCRIPTUM<\/strong><\/p>\n<p>\u00ab\u00a0Les grandes surfaces n&rsquo;existaient pas, et encore moins les Drives.<br \/>\nTous les jours on se rendait \u00e0 l&rsquo; \u00e9picerie, \u00e0 200 m\u00e8tres de notre domicile.<br \/>\nPas de probl\u00e8me de stationnement ; il y avait m\u00eame le pain.<br \/>\nEn plus le boucher et le charcutier faisaient des tourn\u00e9es avec le <strong>Citro\u00ebn type H<\/strong> surnomm\u00e9 \u00e0 tord le TUB.<\/p>\n<\/div>\n<div class=\"blog_home_article_content\" style=\"text-align: justify;\">\n<p>Voici une photo de l&rsquo;\u00e9picerie de mon quartier o\u00f9 ma m\u00e8re faisait les courses.<br \/>\nQuand il n&rsquo;y avait pas \u00e9cole j&rsquo;aimais l&rsquo;accompagner, et en plus j&rsquo;\u00e9tais copain avec le fils \u00ab\u00a0Nanou\u00a0\u00bb.\u00a0\u00bb<\/p>\n<p>Jean-Paul Tribouillard,<\/p>\n<\/div>\n<div class=\"blog_home_article_content\" style=\"text-align: justify;\">&nbsp;<\/div>\n<div class=\"blog_home_article_content\" style=\"text-align: justify;\">\n<div class=\"bbcode display_photo width_453\"><a href=\"http:\/\/club.caradisiac.com\/paulo8938\/caradisiac-40215\/photo\/coop-be4-2964214.html\"><img decoding=\"async\" src=\"http:\/\/ekladata.com\/pGjZZB9EsXPoDlWp7d2hClVo2Mg.jpg\" alt=\"\"><\/a><\/div>\n<\/div>\n<p>&nbsp;<\/p>\n<p>&nbsp;<\/p>\n","protected":false},"excerpt":{"rendered":"<p>PR\u00c9AMBULE Cet article a \u00e9t\u00e9 r\u00e9alis\u00e9 gr\u00e2ce \u00e0 la contribution de Monsieur Jean-Paul Tribouillard. Sa famille est la premi\u00e8re famille-castors \u00e0 emm\u00e9nager \u00e0 Sens. PR\u00c9SENTATION G\u00c9N\u00c9RALE DU MOUVEMENT DES CASTORS Les Castors auto constructeurs, c\u2019est un mouvement coop\u00e9ratif apparu en &hellip; <a href=\"https:\/\/www.senon.org\/wordpress\/lhistoire-senonaise-des-castors\/\">Continuer la lecture <span class=\"meta-nav\">&rarr;<\/span><\/a><\/p>\n","protected":false},"author":1,"featured_media":0,"comment_status":"open","ping_status":"open","sticky":false,"template":"","format":"standard","meta":{"om_disable_all_campaigns":false,"_monsterinsights_skip_tracking":false,"_monsterinsights_sitenote_active":false,"_monsterinsights_sitenote_note":"","_monsterinsights_sitenote_category":0,"_uf_show_specific_survey":0,"_uf_disable_surveys":false,"ngg_post_thumbnail":0,"footnotes":""},"categories":[1],"tags":[],"class_list":["post-445","post","type-post","status-publish","format-standard","hentry","category-non-classe"],"aioseo_notices":[],"_links":{"self":[{"href":"https:\/\/www.senon.org\/wordpress\/wp-json\/wp\/v2\/posts\/445","targetHints":{"allow":["GET"]}}],"collection":[{"href":"https:\/\/www.senon.org\/wordpress\/wp-json\/wp\/v2\/posts"}],"about":[{"href":"https:\/\/www.senon.org\/wordpress\/wp-json\/wp\/v2\/types\/post"}],"author":[{"embeddable":true,"href":"https:\/\/www.senon.org\/wordpress\/wp-json\/wp\/v2\/users\/1"}],"replies":[{"embeddable":true,"href":"https:\/\/www.senon.org\/wordpress\/wp-json\/wp\/v2\/comments?post=445"}],"version-history":[{"count":17,"href":"https:\/\/www.senon.org\/wordpress\/wp-json\/wp\/v2\/posts\/445\/revisions"}],"predecessor-version":[{"id":650,"href":"https:\/\/www.senon.org\/wordpress\/wp-json\/wp\/v2\/posts\/445\/revisions\/650"}],"wp:attachment":[{"href":"https:\/\/www.senon.org\/wordpress\/wp-json\/wp\/v2\/media?parent=445"}],"wp:term":[{"taxonomy":"category","embeddable":true,"href":"https:\/\/www.senon.org\/wordpress\/wp-json\/wp\/v2\/categories?post=445"},{"taxonomy":"post_tag","embeddable":true,"href":"https:\/\/www.senon.org\/wordpress\/wp-json\/wp\/v2\/tags?post=445"}],"curies":[{"name":"wp","href":"https:\/\/api.w.org\/{rel}","templated":true}]}}