{"id":435,"date":"2015-12-20T19:46:34","date_gmt":"2015-12-20T17:46:34","guid":{"rendered":"http:\/\/www.senon.org\/wordpress\/?p=435"},"modified":"2024-01-28T19:08:58","modified_gmt":"2024-01-28T17:08:58","slug":"le-mariage-des-parents-dedith-piaf-a-sens","status":"publish","type":"post","link":"https:\/\/www.senon.org\/wordpress\/le-mariage-des-parents-dedith-piaf-a-sens\/","title":{"rendered":"Le mariage des parents d&rsquo;\u00c9dith Piaf \u00e0 Sens"},"content":{"rendered":"<div class=\"entete\">\n<p style=\"text-align: justify;\"><a href=\"http:\/\/www.senon.org\/wordpress\/wp-content\/uploads\/caserne-gemeau-a-sens-sous-la-premiere-guerre-mondiale_2408605.jpeg\" rel=\"attachment wp-att-437\"><img loading=\"lazy\" decoding=\"async\" class=\" wp-image-437 alignleft\" src=\"http:\/\/www.senon.org\/wordpress\/wp-content\/uploads\/caserne-gemeau-a-sens-sous-la-premiere-guerre-mondiale_2408605-300x192.jpeg\" alt=\"caserne-gemeau-a-sens-sous-la-premiere-guerre-mondiale_2408605\" width=\"744\" height=\"483\"><\/a>Mobilis\u00e9 \u00e0 Sens, au sein du 89<span class=\"sup\">e<\/span> R\u00e9giment d\u2019infanterie, Louis Alphonse Gassion s\u2019y est mari\u00e9 avec Annetta Giovanna Maillard, le 4 septembre 1914.<\/p>\n<\/div>\n<div class=\"p402_premium\">\n<div class=\"texte entry-content\">\n<p style=\"text-align: justify;\">La l\u00e9gende veut qu\u2019\u00c9dith Piaf soit n\u00e9e sous un lampadaire, rue de Belleville, dans le XX<span class=\"sup\">e<\/span> arrondissement de Paris. En r\u00e9alit\u00e9, \u00c9dith Gassion, c\u2019est son vrai nom, est n\u00e9e \u00e0 l\u2019h\u00f4pital Tenon, porte de Bagnolet, le 19&nbsp;d\u00e9cembre 1915. Il n\u2019est pas non plus de notori\u00e9t\u00e9 publique que ses parents, Louis Alphonse Gassion (33&nbsp;ans) et Annetta Giovanna Maillard (19&nbsp;ans), se sont mari\u00e9s \u00e0 Sens, le 4&nbsp;septembre 1914.<\/p>\n<p><!--more--><\/p>\n<p style=\"text-align: justify;\"><b>Un p\u00e8re&nbsp;mobilis\u00e9 \u00e0 Sens. <\/b>De cette union scell\u00e9e \u00e0 l\u2019h\u00f4tel de ville de Sens, peu d\u2019informations ont \u00e9t\u00e9 rendues publiques. L\u2019acte de mariage conserv\u00e9 dans les archives municipales indique que la c\u00e9r\u00e9monie s\u2019est d\u00e9roul\u00e9e \u00e0 10h30, le 4&nbsp;septembre, alors que la Premi\u00e8re Guerre mondiale fait rage sur le front de l\u2019est. L\u2019officier d\u2019\u00e9tat-civil de permanence, ce jour-l\u00e0, n\u2019est autre qu\u2019 Alphonse Dup\u00eachez, adjoint au s\u00e9nateur-maire de Sens, Lucien Cornet, et fils de Sylvain Dup\u00eachez, illustre maire de la cit\u00e9 de Brennus, de 1872 \u00e0 1879.<\/p>\n<p style=\"text-align: justify;\">La pr\u00e9sence des parents d\u2019\u00c9dith Piaf \u00e0 Sens s\u2019explique par l\u2019incorporation de son p\u00e8re, le 11&nbsp;ao\u00fbt 1914 au sein du 89<span class=\"sup\">e<\/span> R\u00e9giment d\u2019infanterie. Ce dernier est cantonn\u00e9, \u00e0 l\u2019\u00e9poque, dans la caserne G\u00e9meau, site aujourd\u2019hui occup\u00e9 par l\u2019\u00e9cole nationale de police. Dans son ouvrage <span id=\"U10807673573255cG\">Piaf, la v\u00e9rit\u00e9<\/span> (\u00e9d. Pygmalion, 2008), le biographe Emmanuel Bonini confirme que la mobilisation du second de classe Gassion est l\u2019unique attache du couple avec Sens. \u00ab&nbsp;Ils s\u2019y sont mari\u00e9s au cours d\u2019une permission de trois jours, alors qu\u2019ils \u00e9taient domicili\u00e9s \u00e0 Paris, rue du Ch\u00e2teau-des-Rentiers, dans le XIII<span class=\"sup\">e<\/span> arrondissement.&nbsp;\u00bb L\u2019auteur ajoute que \u00ab&nbsp;les quatre t\u00e9moins du mariage &#8211; un typographe de Vend\u00f4me, un ciseleur parisien, un cultivateur de Wissous et un employ\u00e9 de commerce de Savigny-sur-Orge &#8211; \u00e9taient certainement tous mobilis\u00e9s \u00e0 Sens, avant de rejoindre le front&nbsp;\u00bb.<\/p>\n<p style=\"text-align: justify;\"><b>Sa m\u00e8re \u00e9tait une chanteuse lyrique. <\/b>L\u2019acte de mariage d\u00e9voile quelque peu la personnalit\u00e9 des parents d\u2019\u00c9dith Piaf. Lui est acrobate de rue, contorsionniste-antipodiste n\u00e9 \u00e0 Falaise (Calvados). Elle est une chanteuse lyrique sous le nom de Line Marsa, originaire de Livourne (Italie). \u00ab&nbsp;Ils se seraient connus \u00e0 la foire de Paris&nbsp;\u00bb, d\u00e9taille le biographe. C\u2019est donc bien du monde des saltimbanques qu\u2019est issue Piaf. C\u2019est aussi en accompagnant, \u00e0 8&nbsp;ans, son p\u00e8re sur les routes qu\u2019elle commence \u00e0 chanter. Les premiers pas d\u2019une artiste exceptionnelle dont la voix, plus tard, devait bouleverser le monde.<\/p>\n<div><b><i>Article publi\u00e9 dans l&rsquo;Yonne R\u00e9publicaine<b>, le 18<b>&#8211;<\/b>12<b>&#8211;<\/b>2015<\/b><br \/>\n<\/i><\/b><\/div>\n<div><b><i>Auteur : Franck Morales<\/i><\/b><\/div>\n<div>Archives CEREP Sens<\/div>\n<\/div>\n<\/div>\n<p>&nbsp;<\/p>\n","protected":false},"excerpt":{"rendered":"<p>Mobilis\u00e9 \u00e0 Sens, au sein du 89e R\u00e9giment d\u2019infanterie, Louis Alphonse Gassion s\u2019y est mari\u00e9 avec Annetta Giovanna Maillard, le 4 septembre 1914. La l\u00e9gende veut qu\u2019\u00c9dith Piaf soit n\u00e9e sous un lampadaire, rue de Belleville, dans le XXe arrondissement &hellip; <a href=\"https:\/\/www.senon.org\/wordpress\/le-mariage-des-parents-dedith-piaf-a-sens\/\">Continuer la lecture <span class=\"meta-nav\">&rarr;<\/span><\/a><\/p>\n","protected":false},"author":1,"featured_media":0,"comment_status":"open","ping_status":"open","sticky":false,"template":"","format":"standard","meta":{"om_disable_all_campaigns":false,"_monsterinsights_skip_tracking":false,"_monsterinsights_sitenote_active":false,"_monsterinsights_sitenote_note":"","_monsterinsights_sitenote_category":0,"_uf_show_specific_survey":0,"_uf_disable_surveys":false,"ngg_post_thumbnail":0,"footnotes":""},"categories":[1],"tags":[],"class_list":["post-435","post","type-post","status-publish","format-standard","hentry","category-non-classe"],"aioseo_notices":[],"_links":{"self":[{"href":"https:\/\/www.senon.org\/wordpress\/wp-json\/wp\/v2\/posts\/435","targetHints":{"allow":["GET"]}}],"collection":[{"href":"https:\/\/www.senon.org\/wordpress\/wp-json\/wp\/v2\/posts"}],"about":[{"href":"https:\/\/www.senon.org\/wordpress\/wp-json\/wp\/v2\/types\/post"}],"author":[{"embeddable":true,"href":"https:\/\/www.senon.org\/wordpress\/wp-json\/wp\/v2\/users\/1"}],"replies":[{"embeddable":true,"href":"https:\/\/www.senon.org\/wordpress\/wp-json\/wp\/v2\/comments?post=435"}],"version-history":[{"count":9,"href":"https:\/\/www.senon.org\/wordpress\/wp-json\/wp\/v2\/posts\/435\/revisions"}],"predecessor-version":[{"id":653,"href":"https:\/\/www.senon.org\/wordpress\/wp-json\/wp\/v2\/posts\/435\/revisions\/653"}],"wp:attachment":[{"href":"https:\/\/www.senon.org\/wordpress\/wp-json\/wp\/v2\/media?parent=435"}],"wp:term":[{"taxonomy":"category","embeddable":true,"href":"https:\/\/www.senon.org\/wordpress\/wp-json\/wp\/v2\/categories?post=435"},{"taxonomy":"post_tag","embeddable":true,"href":"https:\/\/www.senon.org\/wordpress\/wp-json\/wp\/v2\/tags?post=435"}],"curies":[{"name":"wp","href":"https:\/\/api.w.org\/{rel}","templated":true}]}}